{"id":120,"date":"2014-05-22T08:53:39","date_gmt":"2014-05-22T07:53:39","guid":{"rendered":"http:\/\/www.maisondelestuaire.fr\/?p=120"},"modified":"2014-06-03T17:03:48","modified_gmt":"2014-06-03T16:03:48","slug":"samedi-31-mai-a-14h30-journee-doffensive-contre-les-plantes-invasives","status":"publish","type":"post","link":"https:\/\/www.maisondelestuaire.fr\/?p=120","title":{"rendered":"Samedi 31 Mai  : Journ\u00e9e d\u2019offensive contre les plantes invasives"},"content":{"rendered":"<div style=\"color: #000000;\">\n<p style=\"text-align: center;\"><strong><a href=\"http:\/\/www.maisondelestuaire.fr\/wp-content\/uploads\/2014\/05\/IMG_8666.jpg\"><img decoding=\"async\" loading=\"lazy\" class=\"alignleft wp-image-143 size-medium\" src=\"http:\/\/www.maisondelestuaire.fr\/wp-content\/uploads\/2014\/05\/IMG_8666-300x225.jpg\" alt=\"IMG_8666\" width=\"300\" height=\"225\" srcset=\"https:\/\/www.maisondelestuaire.fr\/wp-content\/uploads\/2014\/05\/IMG_8666-300x225.jpg 300w, https:\/\/www.maisondelestuaire.fr\/wp-content\/uploads\/2014\/05\/IMG_8666-1024x768.jpg 1024w, https:\/\/www.maisondelestuaire.fr\/wp-content\/uploads\/2014\/05\/IMG_8666-900x675.jpg 900w, https:\/\/www.maisondelestuaire.fr\/wp-content\/uploads\/2014\/05\/IMG_8666.jpg 1833w\" sizes=\"(max-width: 300px) 100vw, 300px\" \/><\/a> <a href=\"http:\/\/www.maisondelestuaire.fr\/wp-content\/uploads\/2014\/05\/IMG_8671.jpg\"><img decoding=\"async\" loading=\"lazy\" class=\"alignright wp-image-144 size-medium\" src=\"http:\/\/www.maisondelestuaire.fr\/wp-content\/uploads\/2014\/05\/IMG_8671-300x225.jpg\" alt=\"IMG_8671\" width=\"300\" height=\"225\" srcset=\"https:\/\/www.maisondelestuaire.fr\/wp-content\/uploads\/2014\/05\/IMG_8671-300x225.jpg 300w, https:\/\/www.maisondelestuaire.fr\/wp-content\/uploads\/2014\/05\/IMG_8671-1024x768.jpg 1024w, https:\/\/www.maisondelestuaire.fr\/wp-content\/uploads\/2014\/05\/IMG_8671-900x675.jpg 900w, https:\/\/www.maisondelestuaire.fr\/wp-content\/uploads\/2014\/05\/IMG_8671.jpg 1621w\" sizes=\"(max-width: 300px) 100vw, 300px\" \/><\/a> <a href=\"http:\/\/www.maisondelestuaire.fr\/wp-content\/uploads\/2014\/05\/IMG_8686.jpg\"><img decoding=\"async\" loading=\"lazy\" class=\"alignleft wp-image-145 size-medium\" src=\"http:\/\/www.maisondelestuaire.fr\/wp-content\/uploads\/2014\/05\/IMG_8686-300x225.jpg\" alt=\"IMG_8686\" width=\"300\" height=\"225\" srcset=\"https:\/\/www.maisondelestuaire.fr\/wp-content\/uploads\/2014\/05\/IMG_8686-300x225.jpg 300w, https:\/\/www.maisondelestuaire.fr\/wp-content\/uploads\/2014\/05\/IMG_8686-1024x768.jpg 1024w, https:\/\/www.maisondelestuaire.fr\/wp-content\/uploads\/2014\/05\/IMG_8686-900x675.jpg 900w, https:\/\/www.maisondelestuaire.fr\/wp-content\/uploads\/2014\/05\/IMG_8686.jpg 2048w\" sizes=\"(max-width: 300px) 100vw, 300px\" \/><\/a> <a href=\"http:\/\/www.maisondelestuaire.fr\/wp-content\/uploads\/2014\/05\/IMG_8689.jpg\"><img decoding=\"async\" loading=\"lazy\" class=\"alignright wp-image-146 size-medium\" src=\"http:\/\/www.maisondelestuaire.fr\/wp-content\/uploads\/2014\/05\/IMG_8689-224x300.jpg\" alt=\"IMG_8689\" width=\"224\" height=\"300\" srcset=\"https:\/\/www.maisondelestuaire.fr\/wp-content\/uploads\/2014\/05\/IMG_8689-224x300.jpg 224w, https:\/\/www.maisondelestuaire.fr\/wp-content\/uploads\/2014\/05\/IMG_8689-767x1024.jpg 767w, https:\/\/www.maisondelestuaire.fr\/wp-content\/uploads\/2014\/05\/IMG_8689-900x1200.jpg 900w, https:\/\/www.maisondelestuaire.fr\/wp-content\/uploads\/2014\/05\/IMG_8689.jpg 1374w\" sizes=\"(max-width: 224px) 100vw, 224px\" \/><\/a>DES PLANTES<\/strong><\/p>\n<p style=\"text-align: center;\"><strong> INVASIVES\u00a0?!<\/strong><\/p>\n<p style=\"text-align: center;\">Un atelier d\u00e9couverte propos\u00e9 par ESTUAIRE et l\u2019association ASTERELLA<\/p>\n<p><a href=\"http:\/\/www.maisondelestuaire.fr\/wp-content\/uploads\/2014\/05\/Journ\u00e9e-plantes-invasives-samedi-31mai-\u00e0-14h30-\u00e0-la-maison-de-l.jpg\"><img decoding=\"async\" loading=\"lazy\" class=\"aligncenter size-large wp-image-134\" src=\"http:\/\/www.maisondelestuaire.fr\/wp-content\/uploads\/2014\/05\/Journ\u00e9e-plantes-invasives-samedi-31mai-\u00e0-14h30-\u00e0-la-maison-de-l-715x1024.jpg\" alt=\"Journ\u00e9e plantes invasives samedi 31mai \u00e0 14h30 \u00e0 la maison de l'\" width=\"474\" height=\"678\" srcset=\"https:\/\/www.maisondelestuaire.fr\/wp-content\/uploads\/2014\/05\/Journ\u00e9e-plantes-invasives-samedi-31mai-\u00e0-14h30-\u00e0-la-maison-de-l-715x1024.jpg 715w, https:\/\/www.maisondelestuaire.fr\/wp-content\/uploads\/2014\/05\/Journ\u00e9e-plantes-invasives-samedi-31mai-\u00e0-14h30-\u00e0-la-maison-de-l-209x300.jpg 209w, https:\/\/www.maisondelestuaire.fr\/wp-content\/uploads\/2014\/05\/Journ\u00e9e-plantes-invasives-samedi-31mai-\u00e0-14h30-\u00e0-la-maison-de-l-900x1288.jpg 900w, https:\/\/www.maisondelestuaire.fr\/wp-content\/uploads\/2014\/05\/Journ\u00e9e-plantes-invasives-samedi-31mai-\u00e0-14h30-\u00e0-la-maison-de-l.jpg 1768w\" sizes=\"(max-width: 474px) 100vw, 474px\" \/><\/a><\/p>\n<\/div>\n<div style=\"color: #000000;\">\n<p>Le groupement associatif ESTUAIRE et l\u2019association ASTERELLA sont ravis d\u2019organiser, le <strong>samedi 31 mai 2014 \u00e0 14h30<\/strong>, un atelier d\u00e9couverte sur LES PLANTES INVASIVES, ces esp\u00e8ces, souvent \u00e9chapp\u00e9es de jardin, qui envahissent et mettent en p\u00e9ril notre \u00e9cosyst\u00e8me.<br \/>\nCet atelier original offre une information indispensable \u00e0 tous les jardiniers sur le choix des esp\u00e8ces et leurs cons\u00e9quences, avec une d\u00e9monstration concr\u00e8te.<br \/>\nL\u2019estuaire du Payr\u00e9, 1<sup>er<\/sup> site naturel remarquable de Vend\u00e9e est l\u2019image parfaite de l\u2019importance de ce sujet pour la pr\u00e9servation de notre environnement local et la richesse de sa biodiversit\u00e9.<\/p>\n<p><strong>\u00a0<\/strong><strong>De belles plantes\u2026\u00a0<\/strong><em>Baccharis<\/em>, <em>Phytolacca<\/em>, <em>Ailanthus<\/em>, <em>Oenothera<\/em>, <em>Lagurus<\/em>,\u00a0<em>Parthenocissus<\/em>, \u2026 de dr\u00f4les de noms d\u00e9cid\u00e9ment mais pas des noms d\u2019oiseaux : il s\u2019agit du nom de jolies fleurs \u00e9trang\u00e8res aux charmes v\u00e9n\u00e9neux\u2026 Elles viennent souvent de loin : Canada, Etats Unis, Mexique, Chine, Japon, &#8230; mais parfois aussi des c\u00f4tes m\u00e9diterran\u00e9ennes.\u00a0Dans nos \u00e9cosyst\u00e8mes, elles sont souvent synonymes de\u00a0d\u00e9s\u00e9quilibre. Difficile toutefois de savoir si leur implantation en est la source ou la cons\u00e9quence. C\u2019est un d\u00e9bat scientifique complexe. \u00a0Pour autant, lorsque cela est possible, mieux vaut les retirer car elles ne s\u2019ins\u00e8rent pas bien dans les chaines alimentaires locales (pas de parasite, pas de pr\u00e9dateur, etc.) aussi leur extension devient souvent incontr\u00f4lable.<\/p>\n<p><strong>\u2026Qui s\u2019implantent\u00a0!\u00a0<\/strong>Mais au fait, comment sont-elles arriv\u00e9es jusqu\u2019ici ? Faisant jeu de leurs charmes, elles se sont invit\u00e9es dans les esth\u00e9tiques collections exotiques de nos jardins : nous n\u2019avons pas su\u00a0r\u00e9sister \u00e0 leur fatale beaut\u00e9. Les plus robustes d\u2019entre-elles, pass\u00e9 un temps d\u2019adaptation, ont tr\u00e8s vite pris la cl\u00e9 des champs et ont envahi alors nos villes et nos campagnes&#8230;<\/p>\n<\/div>\n<div style=\"color: #000000;\">\n<p><strong>Un atelier pour d\u00e9couvrir, et agir.\u00a0<\/strong>Dans le cadre privil\u00e9gi\u00e9 de la dune du Payr\u00e9, espace naturel remarquable et \u00e9cosyst\u00e8me complexe, les enjeux apparaitront alors \u00e9vidents.<br \/>\nApr\u00e8s une courte formation th\u00e9orique, vous apprendrez vite \u00e0 les identifier, et, aid\u00e9s de fiches de signalement, vous\u00a0parcourrez en \u00e9quipe la dune et la for\u00eat \u00e0 leur recherche. Ce sera facile, elles sont&#8230;presque partout\u00a0!<br \/>\nAu gr\u00e9 d\u2019une promenade, on fait le plein de connaissance et on agit pour la pr\u00e9servation de notre environnement local\u00a0!<br \/>\nL\u2019atelier s\u2019ach\u00e8vera par une collation conviviale!<\/p>\n<\/div>\n<div style=\"color: #000000;\"><\/div>\n<div style=\"color: #000000;\"><\/div>\n","protected":false},"excerpt":{"rendered":"<p>DES PLANTES INVASIVES\u00a0?! Un atelier d\u00e9couverte propos\u00e9 par ESTUAIRE et l\u2019association ASTERELLA Le groupement associatif ESTUAIRE et l\u2019association ASTERELLA sont ravis d\u2019organiser, le samedi 31 mai 2014 \u00e0 14h30, un atelier d\u00e9couverte sur LES PLANTES INVASIVES, ces esp\u00e8ces, souvent \u00e9chapp\u00e9es de jardin, qui envahissent et mettent en p\u00e9ril notre \u00e9cosyst\u00e8me. Cet atelier original offre une &hellip; <a href=\"https:\/\/www.maisondelestuaire.fr\/?p=120\" class=\"more-link\">Continuer la lecture de <span class=\"screen-reader-text\">Samedi 31 Mai  : Journ\u00e9e d\u2019offensive contre les plantes invasives<\/span> <span class=\"meta-nav\">&rarr;<\/span><\/a><\/p>\n","protected":false},"author":1,"featured_media":0,"comment_status":"open","ping_status":"open","sticky":false,"template":"","format":"standard","meta":[],"categories":[3],"tags":[],"_links":{"self":[{"href":"https:\/\/www.maisondelestuaire.fr\/index.php?rest_route=\/wp\/v2\/posts\/120"}],"collection":[{"href":"https:\/\/www.maisondelestuaire.fr\/index.php?rest_route=\/wp\/v2\/posts"}],"about":[{"href":"https:\/\/www.maisondelestuaire.fr\/index.php?rest_route=\/wp\/v2\/types\/post"}],"author":[{"embeddable":true,"href":"https:\/\/www.maisondelestuaire.fr\/index.php?rest_route=\/wp\/v2\/users\/1"}],"replies":[{"embeddable":true,"href":"https:\/\/www.maisondelestuaire.fr\/index.php?rest_route=%2Fwp%2Fv2%2Fcomments&post=120"}],"version-history":[{"count":7,"href":"https:\/\/www.maisondelestuaire.fr\/index.php?rest_route=\/wp\/v2\/posts\/120\/revisions"}],"predecessor-version":[{"id":148,"href":"https:\/\/www.maisondelestuaire.fr\/index.php?rest_route=\/wp\/v2\/posts\/120\/revisions\/148"}],"wp:attachment":[{"href":"https:\/\/www.maisondelestuaire.fr\/index.php?rest_route=%2Fwp%2Fv2%2Fmedia&parent=120"}],"wp:term":[{"taxonomy":"category","embeddable":true,"href":"https:\/\/www.maisondelestuaire.fr\/index.php?rest_route=%2Fwp%2Fv2%2Fcategories&post=120"},{"taxonomy":"post_tag","embeddable":true,"href":"https:\/\/www.maisondelestuaire.fr\/index.php?rest_route=%2Fwp%2Fv2%2Ftags&post=120"}],"curies":[{"name":"wp","href":"https:\/\/api.w.org\/{rel}","templated":true}]}}